{"id":24367,"date":"2021-10-19T13:41:35","date_gmt":"2021-10-19T11:41:35","guid":{"rendered":"https:\/\/snugglesanddreams.com\/?p=24367"},"modified":"2023-07-03T12:06:34","modified_gmt":"2023-07-03T10:06:34","slug":"lheure-dhiver","status":"publish","type":"post","link":"https:\/\/snugglesanddreams.com\/fr\/tout-petits-jeune-enfant\/lheure-dhiver\/","title":{"rendered":"L&#8217;heure d&#8217;hiver 2023"},"content":{"rendered":"\t\t<div data-elementor-type=\"wp-post\" data-elementor-id=\"24367\" class=\"elementor elementor-24367\" data-elementor-post-type=\"post\">\n\t\t\t\t\t\t<section class=\"elementor-section elementor-top-section elementor-element elementor-element-3c32501 elementor-section-boxed elementor-section-height-default elementor-section-height-default\" data-id=\"3c32501\" data-element_type=\"section\" data-e-type=\"section\">\n\t\t\t\t\t\t<div class=\"elementor-container elementor-column-gap-default\">\n\t\t\t\t\t<div class=\"elementor-column elementor-col-100 elementor-top-column elementor-element elementor-element-17a5f0b9\" data-id=\"17a5f0b9\" data-element_type=\"column\" data-e-type=\"column\">\n\t\t\t<div class=\"elementor-widget-wrap elementor-element-populated\">\n\t\t\t\t\t\t<div class=\"elementor-element elementor-element-4daa424c elementor-widget elementor-widget-text-editor\" data-id=\"4daa424c\" data-element_type=\"widget\" data-e-type=\"widget\" data-widget_type=\"text-editor.default\">\n\t\t\t\t<div class=\"elementor-widget-container\">\n\t\t\t\t\t\t\t\t\t<p>Aaah, le changement d&#8217;heure. Vous avez ceux qui aiment et ceux qui n&#8217;aiment pas et puis des gens qui n&#8217;ont pas d&#8217;opinion \u00e0 ce sujet. Mais je peux vous garantir que les parents de jeunes enfants auront toujours une opinion bien d\u00e9finie \u00e0 ce sujet ! Si je dois vraiment choisir, je pr\u00e9f\u00e8re le passage \u00e0 l&#8217;heure d&#8217;\u00e9t\u00e9 plut\u00f4t qu&#8217;\u00e0 l&#8217;heure d&#8217;hiver, mais l\u00e0 encore, les avis peuvent varier. Le fait est qu&#8217;avec ce changement d&#8217;heure, nous nous r\u00e9veillerons soudainement une heure &#8220;plus t\u00f4t&#8221;. En tant qu&#8217;adulte, ce n&#8217;est pas un probl\u00e8me puisque nous restons au lit jusqu&#8217;\u00e0 ce qu&#8217;il soit temps de nous lever.<\/p><p>Avec les petits enfants, c&#8217;est bien s\u00fbr une autre histoire. Quand ils sont r\u00e9veill\u00e9s, eh bien, la journ\u00e9e peut commencer. Elle d\u00e9butera dans la nuit du 28 au 29 octobre 2023. J&#8217;ai d\u00e9j\u00e0 re\u00e7u beaucoup de messages de parents inquiets \u00e0 propos de ce changement d&#8217;heure, j&#8217;ai donc d\u00e9cid\u00e9 d&#8217;\u00e9crire un blog avec les <strong>diff\u00e9rentes &#8220;options&#8221;<\/strong> pour faire face \u00e0 ce changement d&#8217;heure. J&#8217;esp\u00e8re que cela vous aidera et que la situation ne sera pas aussi mauvaise que vous le craignez.<\/p><h3><strong>Option 1: Vous ne faites rien<\/strong><\/h3><p>Si vous ne faites rien, votre petit se r\u00e9veillera <strong>une heure plus t\u00f4t<\/strong> que d&#8217;habitude le jour du changement d&#8217;heure. Ainsi, si votre petit dort normalement jusqu&#8217;\u00e0 6h30 du matin, il se r\u00e9veillera soudainement \u00e0 5h30 du matin. Si vous \u00eates \u00e9galement r\u00e9veill\u00e9 et que vous souhaitez commencer la journ\u00e9e, <strong>vous pouvez le faire<\/strong>. Cependant, je vous recommande toujours de ne<strong> jamais commencer<\/strong> la journ\u00e9e avant<strong> 6 heures du matin<\/strong> avec des enfants en bas \u00e2ge. Si votre petit a d\u00e9j\u00e0 appris \u00e0 attendre patiemment dans son lit b\u00e9b\u00e9 jusqu&#8217;\u00e0 ce que vous veniez le chercher le matin, alors vous pouvez l<strong>&#8216;appliquer \u00e0 nouveau<\/strong> jusqu&#8217;\u00e0 6 heures du matin.<\/p><p>S&#8217;il pleure encore, vous avez deux possibilit\u00e9s : soit le<strong> r\u00e9conforter <\/strong>et <strong>commencer la journ\u00e9e<\/strong> \u00e0 6 heures, soit simplement <strong>commencer la journ\u00e9e avant 6 heures<\/strong>. Ensuite, <strong>continuez imm\u00e9diatement avec la nouvelle heure.<\/strong> Par exemple, si votre petit fait toujours une sieste \u00e0 13 heures, offrez-lui aussi une sieste \u00e0 13 heures le dimanche et<strong> ignorez l&#8217;ancien temps<\/strong>. Ce n&#8217;est peut-\u00eatre pas aussi \u00e9vident le premier jour, mais cela lui permettra de reprendre sa routine habituelle le plus rapidement possible. Votre petit se couchera aussi \u00e0 <strong>son heure normale le soir<\/strong>, \u00e9ventuellement un peu plus t\u00f4t s&#8217;il est trop fatigu\u00e9. Vous n&#8217;avez donc pas \u00e0 r\u00e9fl\u00e9chir au changement et vous vous contentez de suivre l&#8217;heure. C&#8217;est la meilleure option pour les enfants de <strong>plus d&#8217;un an<\/strong> qui seront mieux \u00e0 m\u00eame de faire face \u00e0 une heure d&#8217;\u00e9veil plus longue que d&#8217;habitude.<\/p><h3><strong>Option 2: Vous \u00eates r\u00e9actif<\/strong><\/h3><p>Vous pouvez \u00e9galement \u00eatre r\u00e9actif et <strong>adapter l&#8217;heure <\/strong>de votre petit dans les jours pr\u00e9c\u00e9dant le changement d&#8217;heure. C&#8217;est l&#8217;option que je recommande pour <strong>les l\u00e8ve-t\u00f4t<\/strong> ! Mettez votre enfant au lit <strong>15 minutes plus tard<\/strong> chaque jour pour l&#8217;<strong>heure du coucher<\/strong> et la <strong>sieste<\/strong> et <strong>commencez \u00e9galement la journ\u00e9e<\/strong> 15 minutes plus tard chaque matin. Pour cela, vous pouvez \u00e9galement commencer plus lentement et travailler par tranche de 10 minutes.<\/p><p>Exemple : enfant de 18 mois, horaire habituel : r\u00e9veil \u00e0 6h30, sieste \u00e0 12h30, coucher \u00e0 19h.<\/p><ul><li>Jeudi : r\u00e9veil \u00e0 6h45, sieste \u00e0 12h45, coucher \u00e0 19h15<\/li><li>Vendredi : r\u00e9veil \u00e0 7h00, sieste \u00e0 13h00, coucher \u00e0 19h30<\/li><li>Samedi : r\u00e9veil \u00e0 7h15, sieste \u00e0 13h15, coucher \u00e0 19h45<\/li><li>Dimanche : r\u00e9veil \u00e0 6h30, sieste \u00e0 12h30, coucher \u00e0 19h00<\/li><\/ul><p>Bien s\u00fbr, vous pensez que votre enfant ne dormira plus d&#8217;un coup. C&#8217;est vrai, \u00e0 moins que vous ne deviez d\u00e9j\u00e0 r\u00e9veiller votre enfant pour la cr\u00e8che, par exemple. L&#8217;essentiel est que vous ne commenciez la journ\u00e9e que 15 minutes plus tard. Et peut-\u00eatre pensez-vous : &#8220;Pratique ! Je vais appliquer cela de mani\u00e8re g\u00e9n\u00e9rale \u00e0 mon l\u00e8ve-t\u00f4t&#8221;. Malheureusement, cela ne fonctionne g\u00e9n\u00e9ralement que temporairement, mais vous pouvez toujours essayer, bien s\u00fbr.<\/p><p><strong>CONSEIL<\/strong>: Votre enfant se r\u00e9veille-t-il <strong>avant 6 heures<\/strong> du matin par d\u00e9faut ? Je vous recommande donc de commencer \u00e0 <strong>utiliser le<a href=\"https:\/\/snugglesanddreams.com\/fr\/product\/guide-du-sommeil-leve-tot\/\" target=\"_blank\" rel=\"noreferrer noopener\"> guide pour les l\u00e8ve-t\u00f4t<\/a><\/strong> d\u00e8s aujourd&#8217;hui, afin de ne pas vous retrouver soudainement avec un gros l\u00e8ve-t\u00f4t apr\u00e8s le changement d&#8217;heure. Sinon, vous \u00eates s\u00fbr de vous retrouver avec un enfant <strong>trop fatigu\u00e9<\/strong>, car ses journ\u00e9es vont soudainement <strong>s&#8217;allonger<\/strong>, ce qui peut rendre un r\u00e9veil pr\u00e9coce encore plus p\u00e9nible.<\/p><h3><strong>Option 3: Vous \u00eates proactif<\/strong><\/h3><p>Vous pouvez \u00e9galement laisser votre petit <strong>s&#8217;habituer au changement<\/strong> d&#8217;heure apr\u00e8s qu&#8217;il ait d\u00e9j\u00e0 eu lieu. Tout comme avec la m\u00e9thode proactive, mais <strong>commencez le dimanche<\/strong>. Vous pouvez le faire pendant <strong>3 jours<\/strong>, mais vous pouvez aussi prendre plus de temps si votre petit a <strong>du mal \u00e0 rester \u00e9veill\u00e9<\/strong> plus longtemps. Le premier jour, vous proposerez des siestes et des couchers 40 minutes avant l&#8217;heure habituelle, le lendemain 20 minutes, et \u00e0 partir du troisi\u00e8me jour \u00e0 l&#8217;heure habituelle. C&#8217;est la meilleure option pour les b\u00e9b\u00e9s <strong>de moins d&#8217;un an<\/strong> qui ne peuvent pas rester \u00e9veill\u00e9s une heure de plus entre deux siestes.<\/p><ul><li>Exemple : b\u00e9b\u00e9 de 9 mois, horaire habituel : r\u00e9veil \u00e0 6h30, sieste \u00e0 9h30 et \u00e0 13h, coucher \u00e0 18h40<\/li><li>Dimanche : r\u00e9veil \u00e0 5h50 ou 6h, sieste \u00e0 8h50 et 12h20, coucher \u00e0 18h20<\/li><li>Lundi : r\u00e9veil \u00e0 6h10, sieste \u00e0 9h10 et 12h40, coucher \u00e0 18h20<\/li><li>Mardi : r\u00e9veil \u00e0 6h30, sieste \u00e0 9h30 et 13h, coucher \u00e0 18h40<\/li><\/ul><p>Je parie que vous n&#8217;aviez jamais pens\u00e9 au changement d&#8217;heure de cette mani\u00e8re auparavant, et qu&#8217;il y avait donc plusieurs &#8220;options&#8221; pour y faire face. J&#8217;esp\u00e8re que vous en avez trouv\u00e9 une qui <strong>correspond \u00e0 votre situation<\/strong>. Ou peut-\u00eatre pensez-vous que puisque votre petit n&#8217;a aucune routine (et qu&#8217;il a plus de 4 mois), il vous est impossible d&#8217;\u00eatre proactif ou r\u00e9actif ? Un <a href=\"https:\/\/snugglesanddreams.com\/fr\/guides-de-sommeil\/\" target=\"_blank\" rel=\"noreferrer noopener\">guide du sommeil<\/a> adapt\u00e9 \u00e0 l&#8217;\u00e2ge ou une <a href=\"https:\/\/snugglesanddreams.com\/fr\/consultations-individuelles\/\" target=\"_blank\" rel=\"noreferrer noopener\">consultation individuelle<\/a> peuvent rapidement changer cela ! Consultez nos services <a href=\"https:\/\/snugglesanddreams.com\/fr\/services\/\" target=\"_blank\" rel=\"noreferrer noopener\">ici<\/a>, nous sommes heureuses de vous aider !<\/p><p>Bises, Nathalie<\/p>\t\t\t\t\t\t\t\t<\/div>\n\t\t\t\t<\/div>\n\t\t\t\t\t<\/div>\n\t\t<\/div>\n\t\t\t\t\t<\/div>\n\t\t<\/section>\n\t\t\t\t<\/div>\n\t\t","protected":false},"excerpt":{"rendered":"<p>Aaah, le changement d&#8217;heure. Vous avez ceux qui aiment et ceux qui n&#8217;aiment pas et puis des gens qui n&#8217;ont pas d&#8217;opinion \u00e0 ce sujet. Mais je peux vous garantir que les parents de jeunes enfants auront toujours une opinion bien d\u00e9finie \u00e0 ce sujet ! Si je dois vraiment choisir, je pr\u00e9f\u00e8re le passage [&hellip;]<\/p>\n","protected":false},"author":2,"featured_media":24368,"comment_status":"open","ping_status":"closed","sticky":false,"template":"","format":"standard","meta":{"ocean_post_layout":"","ocean_both_sidebars_style":"","ocean_both_sidebars_content_width":0,"ocean_both_sidebars_sidebars_width":0,"ocean_sidebar":"0","ocean_second_sidebar":"0","ocean_disable_margins":"enable","ocean_add_body_class":"","ocean_shortcode_before_top_bar":"","ocean_shortcode_after_top_bar":"","ocean_shortcode_before_header":"","ocean_shortcode_after_header":"","ocean_has_shortcode":"","ocean_shortcode_after_title":"","ocean_shortcode_before_footer_widgets":"","ocean_shortcode_after_footer_widgets":"","ocean_shortcode_before_footer_bottom":"","ocean_shortcode_after_footer_bottom":"","ocean_display_top_bar":"default","ocean_display_header":"default","ocean_header_style":"","ocean_center_header_left_menu":"0","ocean_custom_header_template":"0","ocean_custom_logo":0,"ocean_custom_retina_logo":0,"ocean_custom_logo_max_width":0,"ocean_custom_logo_tablet_max_width":0,"ocean_custom_logo_mobile_max_width":0,"ocean_custom_logo_max_height":0,"ocean_custom_logo_tablet_max_height":0,"ocean_custom_logo_mobile_max_height":0,"ocean_header_custom_menu":"0","ocean_menu_typo_font_family":"0","ocean_menu_typo_font_subset":"","ocean_menu_typo_font_size":0,"ocean_menu_typo_font_size_tablet":0,"ocean_menu_typo_font_size_mobile":0,"ocean_menu_typo_font_size_unit":"px","ocean_menu_typo_font_weight":"","ocean_menu_typo_font_weight_tablet":"","ocean_menu_typo_font_weight_mobile":"","ocean_menu_typo_transform":"","ocean_menu_typo_transform_tablet":"","ocean_menu_typo_transform_mobile":"","ocean_menu_typo_line_height":0,"ocean_menu_typo_line_height_tablet":0,"ocean_menu_typo_line_height_mobile":0,"ocean_menu_typo_line_height_unit":"","ocean_menu_typo_spacing":0,"ocean_menu_typo_spacing_tablet":0,"ocean_menu_typo_spacing_mobile":0,"ocean_menu_typo_spacing_unit":"","ocean_menu_link_color":"","ocean_menu_link_color_hover":"","ocean_menu_link_color_active":"","ocean_menu_link_background":"","ocean_menu_link_hover_background":"","ocean_menu_link_active_background":"","ocean_menu_social_links_bg":"","ocean_menu_social_hover_links_bg":"","ocean_menu_social_links_color":"","ocean_menu_social_hover_links_color":"","ocean_disable_title":"default","ocean_disable_heading":"default","ocean_post_title":"","ocean_post_subheading":"","ocean_post_title_style":"","ocean_post_title_background_color":"","ocean_post_title_background":0,"ocean_post_title_bg_image_position":"","ocean_post_title_bg_image_attachment":"","ocean_post_title_bg_image_repeat":"","ocean_post_title_bg_image_size":"","ocean_post_title_height":0,"ocean_post_title_bg_overlay":0.5,"ocean_post_title_bg_overlay_color":"","ocean_disable_breadcrumbs":"default","ocean_breadcrumbs_color":"","ocean_breadcrumbs_separator_color":"","ocean_breadcrumbs_links_color":"","ocean_breadcrumbs_links_hover_color":"","ocean_display_footer_widgets":"default","ocean_display_footer_bottom":"default","ocean_custom_footer_template":"0","ocean_post_oembed":"","ocean_post_self_hosted_media":"","ocean_post_video_embed":"","ocean_link_format":"","ocean_link_format_target":"self","ocean_quote_format":"","ocean_quote_format_link":"post","ocean_gallery_link_images":"off","ocean_gallery_id":[],"footnotes":""},"categories":[417,419,418,420,415,421,123],"tags":[152,163,169,161],"class_list":["post-24367","post","type-post","status-publish","format-standard","has-post-thumbnail","hentry","category-0-a-3-mois","category-1-a-3-ans","category-3-a-12-mois","category-3-a-5-ans","category-ages","category-conseils-de-sommeil","category-tout-petits-jeune-enfant","tag-coach-du-sommeil-2","tag-dormir","tag-heure-dhiver","tag-siestes-2","entry","has-media","owp-thumbs-layout-horizontal","owp-btn-normal","owp-tabs-layout-vertical","has-no-thumbnails","has-product-nav"],"_links":{"self":[{"href":"https:\/\/snugglesanddreams.com\/fr\/wp-json\/wp\/v2\/posts\/24367","targetHints":{"allow":["GET"]}}],"collection":[{"href":"https:\/\/snugglesanddreams.com\/fr\/wp-json\/wp\/v2\/posts"}],"about":[{"href":"https:\/\/snugglesanddreams.com\/fr\/wp-json\/wp\/v2\/types\/post"}],"author":[{"embeddable":true,"href":"https:\/\/snugglesanddreams.com\/fr\/wp-json\/wp\/v2\/users\/2"}],"replies":[{"embeddable":true,"href":"https:\/\/snugglesanddreams.com\/fr\/wp-json\/wp\/v2\/comments?post=24367"}],"version-history":[{"count":0,"href":"https:\/\/snugglesanddreams.com\/fr\/wp-json\/wp\/v2\/posts\/24367\/revisions"}],"wp:featuredmedia":[{"embeddable":true,"href":"https:\/\/snugglesanddreams.com\/fr\/wp-json\/wp\/v2\/media\/24368"}],"wp:attachment":[{"href":"https:\/\/snugglesanddreams.com\/fr\/wp-json\/wp\/v2\/media?parent=24367"}],"wp:term":[{"taxonomy":"category","embeddable":true,"href":"https:\/\/snugglesanddreams.com\/fr\/wp-json\/wp\/v2\/categories?post=24367"},{"taxonomy":"post_tag","embeddable":true,"href":"https:\/\/snugglesanddreams.com\/fr\/wp-json\/wp\/v2\/tags?post=24367"}],"curies":[{"name":"wp","href":"https:\/\/api.w.org\/{rel}","templated":true}]}}