{"id":31042,"date":"2022-04-20T08:46:22","date_gmt":"2022-04-20T06:46:22","guid":{"rendered":"https:\/\/snugglesanddreams.com\/?p=31042"},"modified":"2023-02-09T16:53:45","modified_gmt":"2023-02-09T15:53:45","slug":"quand-utiliser-une-couverture","status":"publish","type":"post","link":"https:\/\/snugglesanddreams.com\/fr\/ages\/quand-utiliser-une-couverture\/","title":{"rendered":"Quand utiliser une couverture?"},"content":{"rendered":"\t\t<div data-elementor-type=\"wp-post\" data-elementor-id=\"31042\" class=\"elementor elementor-31042\" data-elementor-post-type=\"post\">\n\t\t\t\t\t\t<section class=\"elementor-section elementor-top-section elementor-element elementor-element-67daee5d elementor-section-boxed elementor-section-height-default elementor-section-height-default\" data-id=\"67daee5d\" data-element_type=\"section\" data-e-type=\"section\">\n\t\t\t\t\t\t<div class=\"elementor-container elementor-column-gap-default\">\n\t\t\t\t\t<div class=\"elementor-column elementor-col-100 elementor-top-column elementor-element elementor-element-1e9e44e9\" data-id=\"1e9e44e9\" data-element_type=\"column\" data-e-type=\"column\">\n\t\t\t<div class=\"elementor-widget-wrap elementor-element-populated\">\n\t\t\t\t\t\t<div class=\"elementor-element elementor-element-52c7ce75 elementor-widget elementor-widget-text-editor\" data-id=\"52c7ce75\" data-element_type=\"widget\" data-e-type=\"widget\" data-widget_type=\"text-editor.default\">\n\t\t\t\t<div class=\"elementor-widget-container\">\n\t\t\t\t\t\t\t\t\t<p>\u00a0<\/p><p><em>Cet article a \u00e9t\u00e9 r\u00e9dig\u00e9 par notre coll\u00e8gue Rapha\u00eblla, coach du sommeil des enfants chez Snuggles &amp; Dreams.<\/em><\/p><p>\u00a0<\/p><p>&#8220;A partir de quand votre b\u00e9b\u00e9 peut-il dormir avec une couverture ?&#8221;. C&#8217;est une question qui pr\u00e9occupe de nombreux parents : &#8220;Puis-je d\u00e9j\u00e0 couvrir mon petit coeur et le border confortablement sous une couverture et si non, \u00e0 partir de quand pouvons-nous le faire sans en toute s\u00e9curit\u00e9?&#8221;<\/p><p>\u00a0<\/p><p>La r\u00e9ponse est assez simple et correspond \u00e9galement \u00e0 la <strong>directive g\u00e9n\u00e9rale <\/strong>de l<strong>&#8216;AAP<\/strong> (American Academy of Paediatrics) : au cours de la <strong>premi\u00e8re ann\u00e9e <\/strong>de vie, nous \u00e9vitons d&#8217;utiliser une couverture, car elle n&#8217;est pas encore s\u00fbre pour le b\u00e9b\u00e9. Apr\u00e8s 12 mois, on peut supposer que votre enfant a suffisamment de force et de coordination pour \u00eatre capable de <strong>d\u00e9placer<\/strong> une couverture qui obstrue sa respiration.<\/p><p>\u00a0<\/p><h2>Lits ternes, lits s\u00fbrs<\/h2><p>\u00a0<\/p><p>Ours en peluche, jouets, nids de b\u00e9b\u00e9, oreillers, couvertures&#8230; parfois, quand on voit des photos de lits b\u00e9b\u00e9s, on se demande o\u00f9 ils peuvent mettre l&#8217;enfant. Mais les conseils des experts sont clairs : un <strong>matelas<\/strong> <strong>ferme<\/strong> et un <strong>drap<\/strong> <strong>serr\u00e9<\/strong> autour est plus que <strong>suffisant<\/strong> et &#8211; surtout &#8211; la seule <strong>option<\/strong> <strong>s\u00fbre<\/strong> pour votre b\u00e9b\u00e9.\u00a0<\/p><p>\u00a0<\/p><p>Le gros probl\u00e8me est que les jeunes b\u00e9b\u00e9s n&#8217;ont pas encore les capacit\u00e9s <strong>motrices<\/strong> n\u00e9cessaires pour se <strong>sortir<\/strong> de la <strong>situation<\/strong> <strong>difficile<\/strong> qu&#8217;une couverture <strong>mal<\/strong> <strong>fix\u00e9e<\/strong> peut cr\u00e9er et <strong>menacer<\/strong> de les <strong>\u00e9touffer<\/strong>. La couverture (ou tout autre objet non fix\u00e9 dans le lit) peut \u00eatre tir\u00e9e sur la bouche ou se coincer autour du cou, entra\u00eenant des <strong>difficult\u00e9s<\/strong> <strong>respiratoires<\/strong>.\u00a0<\/p><p>\u00a0<\/p><p>Le risque de <strong>SMSN<\/strong>, mieux connu sous le nom de syndrome de mort subite du nourrisson, est beaucoup plus \u00e9lev\u00e9 chez les b\u00e9b\u00e9s qui dorment avec une couverture (ou d&#8217;autres objets susmentionn\u00e9s). Toutefois, ce risque diminue fortement <strong>apr\u00e8s<\/strong> l&#8217;\u00e2ge de <strong>6 mois<\/strong>, mais on conna\u00eet encore des cas de SMSN entre 6 et 12 mois.\u00a0<\/p><p>\u00a0<\/p><p>Bien s\u00fbr, le jour viendra o\u00f9 votre enfant d\u00e9couvrira les joies d&#8217;une couverture chaude et douillette sous laquelle il pourra passer de belles nuits et faire de beaux r\u00eaves. Le d\u00e9lai pour cela est de 12 mois. \u00c0 cet \u00e2ge, votre b\u00e9b\u00e9 a appris \u00e9norm\u00e9ment de choses : il peut se lever tout seul, saisir des objets, les \u00e9tudier et les d\u00e9placer, et il est maintenant capable, si n\u00e9cessaire, de d\u00e9placer une couverture qui tra\u00eene maladroitement pour son propre confort.\u00a0<\/p><p>\u00a0<\/p><h2>Mais m\u00eame dans ce cas, attendez quelques ann\u00e9es avant d&#8217;introduire une couverture:\u00a0<\/h2><p>\u00a0<\/p><p>\u00c0 partir de l&#8217;\u00e2ge de 12 mois, vous pouvez utiliser une couverture en toute s\u00e9curit\u00e9, mais votre enfant n&#8217;a pas encore la <strong>capacit\u00e9<\/strong> <strong>motrice<\/strong> de la tirer sur lui-m\u00eame. Jusqu&#8217;\u00e0 l&#8217;\u00e2ge de <strong>2,5 \u00e0 3 ans<\/strong>, l&#8217;utilisation d&#8217;une couverture pr\u00e9sente <strong>peu<\/strong> <strong>d&#8217;avantages<\/strong>. Si c&#8217;est juste pour garder votre enfant au chaud, nous vous sugg\u00e9rons de l&#8217;habiller plus chaudement et\/ou de continuer \u00e0 utiliser une gigoteuse jusqu&#8217;\u00e0 la transition du lit de b\u00e9b\u00e9 au grand lit vers l&#8217;\u00e2ge de 2,5-3 ans (vous trouverez ci-dessous un blog que nous avons \u00e9crit \u00e0 ce sujet). Ils peuvent ainsi se retourner et trouver leur <strong>position<\/strong> <strong>de sommeil pr\u00e9f\u00e9r\u00e9e<\/strong> sans qu&#8217;une couverture ne vienne les g\u00eaner.\u00a0<\/p><p>\u00a0<\/p>\t\t\t\t\t\t\t\t<\/div>\n\t\t\t\t<\/div>\n\t\t\t\t<div class=\"elementor-element elementor-element-05df5cf elementor-grid-1 elementor-posts--thumbnail-left elementor-grid-tablet-2 elementor-grid-mobile-1 elementor-widget elementor-widget-posts\" data-id=\"05df5cf\" data-element_type=\"widget\" data-e-type=\"widget\" data-settings=\"{&quot;classic_columns&quot;:&quot;1&quot;,&quot;classic_columns_tablet&quot;:&quot;2&quot;,&quot;classic_columns_mobile&quot;:&quot;1&quot;,&quot;classic_row_gap&quot;:{&quot;unit&quot;:&quot;px&quot;,&quot;size&quot;:35,&quot;sizes&quot;:[]},&quot;classic_row_gap_tablet_extra&quot;:{&quot;unit&quot;:&quot;px&quot;,&quot;size&quot;:&quot;&quot;,&quot;sizes&quot;:[]},&quot;classic_row_gap_tablet&quot;:{&quot;unit&quot;:&quot;px&quot;,&quot;size&quot;:&quot;&quot;,&quot;sizes&quot;:[]},&quot;classic_row_gap_mobile&quot;:{&quot;unit&quot;:&quot;px&quot;,&quot;size&quot;:&quot;&quot;,&quot;sizes&quot;:[]}}\" data-widget_type=\"posts.classic\">\n\t\t\t\t<div class=\"elementor-widget-container\">\n\t\t\t\t\t\t\t<div class=\"elementor-posts-container elementor-posts elementor-posts--skin-classic elementor-grid\" role=\"list\">\n\t\t\t\t<article class=\"elementor-post elementor-grid-item post-26947 post type-post status-publish format-standard has-post-thumbnail hentry category-1-a-3-ans category-3-a-5-ans category-conseils-de-sommeil tag-lit-bebe tag-lit-enfant tag-transition entry has-media owp-thumbs-layout-horizontal owp-btn-normal owp-tabs-layout-vertical has-no-thumbnails has-product-nav\" role=\"listitem\">\n\t\t\t\t<a class=\"elementor-post__thumbnail__link\" href=\"https:\/\/snugglesanddreams.com\/fr\/ages\/1-a-3-ans\/transition-au-lit-enfant\/\" tabindex=\"-1\" >\n\t\t\t<div class=\"elementor-post__thumbnail\"><img fetchpriority=\"high\" decoding=\"async\" width=\"283\" height=\"300\" src=\"https:\/\/snugglesanddreams.com\/wp-content\/uploads\/2022\/01\/Schermafbeelding-2022-01-14-095913-283x300.png\" class=\"attachment-medium size-medium wp-image-26948\" alt=\"lit enfant\" srcset=\"https:\/\/snugglesanddreams.com\/wp-content\/uploads\/2022\/01\/Schermafbeelding-2022-01-14-095913-283x300.png 283w, https:\/\/snugglesanddreams.com\/wp-content\/uploads\/2022\/01\/Schermafbeelding-2022-01-14-095913-600x636.png 600w, https:\/\/snugglesanddreams.com\/wp-content\/uploads\/2022\/01\/Schermafbeelding-2022-01-14-095913-57x60.png 57w, https:\/\/snugglesanddreams.com\/wp-content\/uploads\/2022\/01\/Schermafbeelding-2022-01-14-095913-85x90.png 85w, https:\/\/snugglesanddreams.com\/wp-content\/uploads\/2022\/01\/Schermafbeelding-2022-01-14-095913.png 743w\" sizes=\"(max-width: 283px) 100vw, 283px\" \/><\/div>\n\t\t<\/a>\n\t\t\t\t<div class=\"elementor-post__text\">\n\t\t\t\t<h3 class=\"elementor-post__title\">\n\t\t\t<a href=\"https:\/\/snugglesanddreams.com\/fr\/ages\/1-a-3-ans\/transition-au-lit-enfant\/\" >\n\t\t\t\tLa transition du lit de b\u00e9b\u00e9 au lit enfant\t\t\t<\/a>\n\t\t<\/h3>\n\t\t\t\t<div class=\"elementor-post__excerpt\">\n\t\t\t<p>On entend souvent que la prunelle de vos yeux est pr\u00eat pour un lit enfant ou grand lit \u00e0 partir de 2 ans. Malheureusement, c&#8217;est<\/p>\n\t\t<\/div>\n\t\t\n\t\t<a class=\"elementor-post__read-more\" href=\"https:\/\/snugglesanddreams.com\/fr\/ages\/1-a-3-ans\/transition-au-lit-enfant\/\" aria-label=\"En savoir plus sur La transition du lit de b\u00e9b\u00e9 au lit enfant\" tabindex=\"-1\" >\n\t\t\tPlus d'info \u00bb\t\t<\/a>\n\n\t\t\t\t<\/div>\n\t\t\t\t<\/article>\n\t\t\t\t<\/div>\n\t\t\n\t\t\t\t\t\t<\/div>\n\t\t\t\t<\/div>\n\t\t\t\t<div class=\"elementor-element elementor-element-c11a02c elementor-widget elementor-widget-text-editor\" data-id=\"c11a02c\" data-element_type=\"widget\" data-e-type=\"widget\" data-widget_type=\"text-editor.default\">\n\t\t\t\t<div class=\"elementor-widget-container\">\n\t\t\t\t\t\t\t\t\t<h2 style=\"font-variant-ligatures: normal; font-variant-caps: normal; font-style: normal;\"><span style=\"font-size: 20px; font-weight: 600;\">Quoi \u00e0 la place?<\/span>&nbsp;<\/h2>\n<p style=\"font-variant-ligatures: normal; font-variant-caps: normal; font-family: Montserrat, sans-serif; font-size: 14px; font-style: normal; font-weight: 400;\">L&#8217;intention n&#8217;est \u00e9videmment pas que votre petit(e) ch\u00e9ri(e) se r\u00e9veille le matin en ayant froid. Mais il existe de&nbsp;<span style=\"font-size: 14px; font-weight: 600;\">nombreuses<\/span>&nbsp;<span style=\"font-size: 14px; font-weight: 600;\">alternatives<\/span>.&nbsp;<\/p>\n<ul style=\"font-variant-ligatures: normal; font-variant-caps: normal; font-family: Montserrat, sans-serif; font-size: 14px; font-style: normal; font-weight: 400;\">\n<li style=\"font-size: 14px;\">Jusqu&#8217;\u00e0 ce que votre enfant puisse se retourner, vous pouvez utiliser une&nbsp;<span style=\"font-size: 14px; font-weight: 600;\">couverture<\/span>&nbsp;<span style=\"font-size: 14px; font-weight: 600;\">d&#8217;emmaillotage<\/span>. Attention : il faut le faire correctement, la couverture d&#8217;emmaillotage ne doit pas se d\u00e9tacher pendant la nuit, sinon vous pourriez vous retrouver avec les m\u00eames risques qu&#8217;avec la couverture. Lisez le blog sur l&#8217;emmaillotage ici.&nbsp;<\/li>\n<li style=\"font-size: 14px;\"><span style=\"font-size: 14px; font-weight: 600;\">Une<\/span>&nbsp;<span style=\"font-size: 14px; font-weight: 600;\">gigoteuse<\/span>&nbsp;est une autre solution qui fonctionne tr\u00e8s bien pendant les premi\u00e8res ann\u00e9es de vie. Avec un body, un pyjama et une gigoteuse, votre b\u00e9b\u00e9 ne risque pas de prendre froid. Ainsi, vous pouvez habiller votre enfant en fonction de la temp\u00e9rature ambiante.&nbsp;<\/li>\n<li style=\"font-size: 14px;\">Consultez \u00e9galement les&nbsp;<span style=\"font-size: 14px; font-weight: 600;\">valeurs<\/span>&nbsp;<span style=\"font-size: 14px; font-weight: 600;\">TOG<\/span>&nbsp;des gigoteuses et des v\u00eatements. TOG est l&#8217;abr\u00e9viation de Thermal Overall Grade et donne essentiellement une bonne id\u00e9e de la chaleur du tissu. Plus le TOG est \u00e9lev\u00e9, plus le tissu est chaud.&nbsp;<\/li>\n<li style=\"font-size: 14px;\">Veillez \u00e0 ce que la temp\u00e9rature de la chambre du b\u00e9b\u00e9 soit&nbsp;<span style=\"font-size: 14px; font-weight: 600;\">agr\u00e9able<\/span>, id\u00e9alement entre&nbsp;<span style=\"font-size: 14px; font-weight: 600;\">18 et 20<\/span>&nbsp;<span style=\"font-size: 14px; font-weight: 600;\">degr\u00e9s<\/span>&nbsp;<span style=\"font-size: 14px; font-weight: 600;\">Celsius<\/span>.&nbsp;<\/li>\n<\/ul>\n<p><strong style=\"color: #a35f50; font-family: Montserrat; font-size: 20px; letter-spacing: 1px;\">Conclusion:<\/strong><\/p>\n<p>Les couvertures peuvent \u00eatre superbes dans un lit d&#8217;enfant, mais ne laissez pas la d\u00e9coration int\u00e9rieure de la pi\u00e8ce entraver la s\u00e9curit\u00e9 de votre b\u00e9b\u00e9. Car pour nous, un <strong>environnement<\/strong> <strong>de<\/strong> <strong>sommeil<\/strong> <strong>s\u00fbr<\/strong> reste le plus <strong>bel<\/strong> <strong>environnement<\/strong> <strong>de sommeil<\/strong> !&nbsp;<\/p>\n<p>\u00cates-vous compl\u00e8tement confus quant aux habitudes de sommeil de votre enfant? Dans ce cas, les <a href=\"https:\/\/snugglesanddreams.com\/fr\/guides-de-sommeil\/\" target=\"_blank\" rel=\"noreferrer noopener\">guides du sommeil<\/a> (par cat\u00e9gorie d&#8217;\u00e2ge) peuvent \u00eatre int\u00e9ressants ou une <a href=\"https:\/\/snugglesanddreams.com\/fr\/consultations-individuelles\/\" target=\"_blank\" rel=\"noreferrer noopener\">consultation individuelle<\/a> peut \u00e9galement \u00eatre b\u00e9n\u00e9fique. Un <a href=\"https:\/\/snugglesanddreams.com\/fr\/trajet-personnalise\/\" target=\"_blank\" rel=\"noreferrer noopener\">parcours personnalis\u00e9<\/a> pour un plan personnel et un accompagnement quotidien.&nbsp;<\/p>\n<p>Bises,&nbsp;<br>Rapha\u00eblla<\/p>\t\t\t\t\t\t\t\t<\/div>\n\t\t\t\t<\/div>\n\t\t\t\t<div class=\"elementor-element elementor-element-273028d elementor-grid-3 elementor-grid-tablet-2 elementor-grid-mobile-1 elementor-posts--thumbnail-top elementor-widget elementor-widget-posts\" data-id=\"273028d\" data-element_type=\"widget\" data-e-type=\"widget\" data-settings=\"{&quot;classic_columns&quot;:&quot;3&quot;,&quot;classic_columns_tablet&quot;:&quot;2&quot;,&quot;classic_columns_mobile&quot;:&quot;1&quot;,&quot;classic_row_gap&quot;:{&quot;unit&quot;:&quot;px&quot;,&quot;size&quot;:35,&quot;sizes&quot;:[]},&quot;classic_row_gap_tablet_extra&quot;:{&quot;unit&quot;:&quot;px&quot;,&quot;size&quot;:&quot;&quot;,&quot;sizes&quot;:[]},&quot;classic_row_gap_tablet&quot;:{&quot;unit&quot;:&quot;px&quot;,&quot;size&quot;:&quot;&quot;,&quot;sizes&quot;:[]},&quot;classic_row_gap_mobile&quot;:{&quot;unit&quot;:&quot;px&quot;,&quot;size&quot;:&quot;&quot;,&quot;sizes&quot;:[]}}\" data-widget_type=\"posts.classic\">\n\t\t\t\t<div class=\"elementor-widget-container\">\n\t\t\t\t\t\t\t<div class=\"elementor-posts-container elementor-posts elementor-posts--skin-classic elementor-grid\" role=\"list\">\n\t\t\t\t<article class=\"elementor-post elementor-grid-item post-18361 page type-page status-publish has-post-thumbnail hentry entry has-media owp-thumbs-layout-horizontal owp-btn-normal owp-tabs-layout-vertical has-no-thumbnails has-product-nav\" role=\"listitem\">\n\t\t\t\t<a class=\"elementor-post__thumbnail__link\" href=\"https:\/\/snugglesanddreams.com\/fr\/guides-de-sommeil\/\" tabindex=\"-1\" >\n\t\t\t<div class=\"elementor-post__thumbnail\"><img decoding=\"async\" width=\"300\" height=\"227\" src=\"https:\/\/snugglesanddreams.com\/wp-content\/uploads\/2020\/04\/Webinar-300x227.jpg\" class=\"attachment-medium size-medium wp-image-18210\" alt=\"Volg een webinar en leer alles over slaap bij jouw baby\" srcset=\"https:\/\/snugglesanddreams.com\/wp-content\/uploads\/2020\/04\/Webinar-300x227.jpg 300w, https:\/\/snugglesanddreams.com\/wp-content\/uploads\/2020\/04\/Webinar.jpg 513w\" sizes=\"(max-width: 300px) 100vw, 300px\" \/><\/div>\n\t\t<\/a>\n\t\t\t\t<div class=\"elementor-post__text\">\n\t\t\t\t<h3 class=\"elementor-post__title\">\n\t\t\t<a href=\"https:\/\/snugglesanddreams.com\/fr\/guides-de-sommeil\/\" >\n\t\t\t\tGuides de sommeil\t\t\t<\/a>\n\t\t<\/h3>\n\t\t\n\t\t<a class=\"elementor-post__read-more\" href=\"https:\/\/snugglesanddreams.com\/fr\/guides-de-sommeil\/\" aria-label=\"En savoir plus sur Guides de sommeil\" tabindex=\"-1\" >\n\t\t\tPlus d'info \u00bb\t\t<\/a>\n\n\t\t\t\t<\/div>\n\t\t\t\t<\/article>\n\t\t\t\t<\/div>\n\t\t\n\t\t\t\t\t\t<\/div>\n\t\t\t\t<\/div>\n\t\t\t\t<div class=\"elementor-element elementor-element-592c330 elementor-widget elementor-widget-text-editor\" data-id=\"592c330\" data-element_type=\"widget\" data-e-type=\"widget\" data-widget_type=\"text-editor.default\">\n\t\t\t\t<div class=\"elementor-widget-container\">\n\t\t\t\t\t\t\t\t\t<p><\/p>\n<p><em style=\"font-size: 14px; color: var( --e-global-color-text ); letter-spacing: var( --e-global-typography-text-letter-spacing );\">Sources: https:\/\/www.healthline.com\/health\/baby\/when-can-baby-sleep-with-blanket https:\/\/www.sleepfoundation.org\/baby-sleep\/when-can-baby-sleep-with-blanket https:\/\/www.sleep.org\/sleep-questions\/is-it-safe-for-babies-to-sleep-with-blankets\/ https:\/\/thepostpartumparty.com\/when-can-my-baby-sleep-with-a-blanket\/<\/em><span style=\"font-size: 14px; color: var( --e-global-color-text ); letter-spacing: var( --e-global-typography-text-letter-spacing );\">\u00a0<\/span><\/p>\n<p><\/p>\t\t\t\t\t\t\t\t<\/div>\n\t\t\t\t<\/div>\n\t\t\t\t\t<\/div>\n\t\t<\/div>\n\t\t\t\t\t<\/div>\n\t\t<\/section>\n\t\t\t\t<\/div>\n\t\t","protected":false},"excerpt":{"rendered":"<p>\u00a0 Cet article a \u00e9t\u00e9 r\u00e9dig\u00e9 par notre coll\u00e8gue Rapha\u00eblla, coach du sommeil des enfants chez Snuggles &amp; Dreams. \u00a0 &#8220;A partir de quand votre<\/p>\n","protected":false},"author":2,"featured_media":31044,"comment_status":"open","ping_status":"closed","sticky":false,"template":"","format":"standard","meta":{"ocean_post_layout":"","ocean_both_sidebars_style":"","ocean_both_sidebars_content_width":0,"ocean_both_sidebars_sidebars_width":0,"ocean_sidebar":"0","ocean_second_sidebar":"0","ocean_disable_margins":"enable","ocean_add_body_class":"","ocean_shortcode_before_top_bar":"","ocean_shortcode_after_top_bar":"","ocean_shortcode_before_header":"","ocean_shortcode_after_header":"","ocean_has_shortcode":"","ocean_shortcode_after_title":"","ocean_shortcode_before_footer_widgets":"","ocean_shortcode_after_footer_widgets":"","ocean_shortcode_before_footer_bottom":"","ocean_shortcode_after_footer_bottom":"","ocean_display_top_bar":"default","ocean_display_header":"default","ocean_header_style":"","ocean_center_header_left_menu":"0","ocean_custom_header_template":"0","ocean_custom_logo":0,"ocean_custom_retina_logo":0,"ocean_custom_logo_max_width":0,"ocean_custom_logo_tablet_max_width":0,"ocean_custom_logo_mobile_max_width":0,"ocean_custom_logo_max_height":0,"ocean_custom_logo_tablet_max_height":0,"ocean_custom_logo_mobile_max_height":0,"ocean_header_custom_menu":"0","ocean_menu_typo_font_family":"0","ocean_menu_typo_font_subset":"","ocean_menu_typo_font_size":0,"ocean_menu_typo_font_size_tablet":0,"ocean_menu_typo_font_size_mobile":0,"ocean_menu_typo_font_size_unit":"px","ocean_menu_typo_font_weight":"","ocean_menu_typo_font_weight_tablet":"","ocean_menu_typo_font_weight_mobile":"","ocean_menu_typo_transform":"","ocean_menu_typo_transform_tablet":"","ocean_menu_typo_transform_mobile":"","ocean_menu_typo_line_height":0,"ocean_menu_typo_line_height_tablet":0,"ocean_menu_typo_line_height_mobile":0,"ocean_menu_typo_line_height_unit":"","ocean_menu_typo_spacing":0,"ocean_menu_typo_spacing_tablet":0,"ocean_menu_typo_spacing_mobile":0,"ocean_menu_typo_spacing_unit":"","ocean_menu_link_color":"","ocean_menu_link_color_hover":"","ocean_menu_link_color_active":"","ocean_menu_link_background":"","ocean_menu_link_hover_background":"","ocean_menu_link_active_background":"","ocean_menu_social_links_bg":"","ocean_menu_social_hover_links_bg":"","ocean_menu_social_links_color":"","ocean_menu_social_hover_links_color":"","ocean_disable_title":"default","ocean_disable_heading":"default","ocean_post_title":"","ocean_post_subheading":"","ocean_post_title_style":"","ocean_post_title_background_color":"","ocean_post_title_background":0,"ocean_post_title_bg_image_position":"","ocean_post_title_bg_image_attachment":"","ocean_post_title_bg_image_repeat":"","ocean_post_title_bg_image_size":"","ocean_post_title_height":0,"ocean_post_title_bg_overlay":0.5,"ocean_post_title_bg_overlay_color":"","ocean_disable_breadcrumbs":"default","ocean_breadcrumbs_color":"","ocean_breadcrumbs_separator_color":"","ocean_breadcrumbs_links_color":"","ocean_breadcrumbs_links_hover_color":"","ocean_display_footer_widgets":"default","ocean_display_footer_bottom":"default","ocean_custom_footer_template":"0","ocean_post_oembed":"","ocean_post_self_hosted_media":"","ocean_post_video_embed":"","ocean_link_format":"","ocean_link_format_target":"self","ocean_quote_format":"","ocean_quote_format_link":"post","ocean_gallery_link_images":"off","ocean_gallery_id":[],"footnotes":""},"categories":[417,419,418,420,415,421],"tags":[173,152,274,163,250,161],"class_list":["post-31042","post","type-post","status-publish","format-standard","has-post-thumbnail","hentry","category-0-a-3-mois","category-1-a-3-ans","category-3-a-12-mois","category-3-a-5-ans","category-ages","category-conseils-de-sommeil","tag-bebe","tag-coach-du-sommeil-2","tag-couverture","tag-dormir","tag-enfant","tag-siestes-2","entry","has-media","owp-thumbs-layout-horizontal","owp-btn-normal","owp-tabs-layout-vertical","has-no-thumbnails","has-product-nav"],"_links":{"self":[{"href":"https:\/\/snugglesanddreams.com\/fr\/wp-json\/wp\/v2\/posts\/31042","targetHints":{"allow":["GET"]}}],"collection":[{"href":"https:\/\/snugglesanddreams.com\/fr\/wp-json\/wp\/v2\/posts"}],"about":[{"href":"https:\/\/snugglesanddreams.com\/fr\/wp-json\/wp\/v2\/types\/post"}],"author":[{"embeddable":true,"href":"https:\/\/snugglesanddreams.com\/fr\/wp-json\/wp\/v2\/users\/2"}],"replies":[{"embeddable":true,"href":"https:\/\/snugglesanddreams.com\/fr\/wp-json\/wp\/v2\/comments?post=31042"}],"version-history":[{"count":0,"href":"https:\/\/snugglesanddreams.com\/fr\/wp-json\/wp\/v2\/posts\/31042\/revisions"}],"wp:featuredmedia":[{"embeddable":true,"href":"https:\/\/snugglesanddreams.com\/fr\/wp-json\/wp\/v2\/media\/31044"}],"wp:attachment":[{"href":"https:\/\/snugglesanddreams.com\/fr\/wp-json\/wp\/v2\/media?parent=31042"}],"wp:term":[{"taxonomy":"category","embeddable":true,"href":"https:\/\/snugglesanddreams.com\/fr\/wp-json\/wp\/v2\/categories?post=31042"},{"taxonomy":"post_tag","embeddable":true,"href":"https:\/\/snugglesanddreams.com\/fr\/wp-json\/wp\/v2\/tags?post=31042"}],"curies":[{"name":"wp","href":"https:\/\/api.w.org\/{rel}","templated":true}]}}